{"id":6452,"date":"2023-10-23T14:00:20","date_gmt":"2023-10-23T12:00:20","guid":{"rendered":"https:\/\/www.claravision.com\/?p=6452"},"modified":"2023-10-24T08:36:43","modified_gmt":"2023-10-24T06:36:43","slug":"prodpack-2023-lyon-fr-21-22-november-2023","status":"publish","type":"post","link":"https:\/\/www.claravision.com\/de\/prodpack-2023-lyon-fr-21-22-november-2023\/","title":{"rendered":"Prod&amp;Pack 2023, Lyon (FR): 21. + 22. November 2023"},"content":{"rendered":"<p><span class=\"dig-Theme dig-Theme--bright dig-Mode--bright In-Theme-Provider\">Clara Vision wird auf der Messe Prod&amp;Pack 2023, die vom 21. bis 23. November 2023 in Lyon stattfindet, vertreten sein.<\/span><\/p>\n<p><span class=\"dig-Theme dig-Theme--bright dig-Mode--bright In-Theme-Provider\">Wir werden Sie an unserem Stand D107 begr\u00fc\u00dfen.<\/span><\/p>\n<p><span class=\"dig-Theme dig-Theme--bright dig-Mode--bright In-Theme-Provider\">Anl\u00e4sslich der Prod&amp;Pack pr\u00e4sentieren wir Ihnen auf unserem Messestand unser mobiles High-Speed-Kamerasystem f\u00fcr Produktions- und Verpackungslinien: TroublePad.<\/span><\/p>\n<p><span class=\"dig-Theme dig-Theme--bright dig-Mode--bright In-Theme-Provider\">TroublePad erm\u00f6glicht es Bilder mit hoher Geschwindigkeit (von 225 bis \u00fcber 2500 Bilder\/s) aufzunehmen und diese in Zeitlupe wiederzugeben.<\/span><\/p>\n<p><span class=\"dig-Theme dig-Theme--bright dig-Mode--bright In-Theme-Provider\">Diese Slow Motion-Clips helfen Ihnen besondere Anlageneinstellungen vorzunehmen, sowie die Ursachen von St\u00f6rf\u00e4llen oder von Ph\u00e4nomenen die mit blo\u00dfem Auge &#8220;nicht zu erkennen sind&#8221; visuell zu erfassen.<\/span><\/p>\n<p><span class=\"dig-Theme dig-Theme--bright dig-Mode--bright In-Theme-Provider\">TroublePad wird regelm\u00e4\u00dfig zur Unterst\u00fctzung von klassischen Bildverarbeitungssystemen eingesetzt.<\/span><\/p>\n","protected":false},"excerpt":{"rendered":"<p>Clara Vision wird auf der Messe Prod&amp;Pack 2023, die vom 21. bis 23. November 2023 in Lyon stattfindet, vertreten sein. Wir werden Sie an unserem Stand D107 begr\u00fc\u00dfen. Anl\u00e4sslich der Prod&amp;Pack pr\u00e4sentieren wir Ihnen auf unserem Messestand unser mobiles High-Speed-Kamerasystem f\u00fcr Produktions- und Verpackungslinien: TroublePad. TroublePad erm\u00f6glicht es Bilder mit hoher Geschwindigkeit (von 225 bis [&hellip;]<\/p>\n","protected":false},"author":1,"featured_media":6511,"comment_status":"closed","ping_status":"closed","sticky":true,"template":"","format":"standard","meta":{"_acf_changed":false,"footnotes":""},"categories":[370],"tags":[],"class_list":["post-6452","post","type-post","status-publish","format-standard","has-post-thumbnail","hentry","category-messen"],"acf":[],"yoast_head":"<!-- This site is optimized with the Yoast SEO Premium plugin v27.4 (Yoast SEO v27.4) - https:\/\/yoast.com\/product\/yoast-seo-premium-wordpress\/ -->\n<title>Prod&amp;Pack 2023, Lyon (FR): 21. + 22. November 2023 - Claravision<\/title>\n<meta name=\"robots\" content=\"index, follow, max-snippet:-1, max-image-preview:large, max-video-preview:-1\" \/>\n<link rel=\"canonical\" href=\"https:\/\/www.claravision.com\/de\/prodpack-2023-lyon-fr-21-22-november-2023\/\" \/>\n<meta property=\"og:locale\" content=\"de_DE\" \/>\n<meta property=\"og:type\" content=\"article\" \/>\n<meta property=\"og:title\" content=\"Prod&amp;Pack 2023, Lyon (FR): 21. + 22. November 2023\" \/>\n<meta property=\"og:description\" content=\"Clara Vision wird auf der Messe Prod&amp;Pack 2023, die vom 21. bis 23. November 2023 in Lyon stattfindet, vertreten sein. Wir werden Sie an unserem Stand D107 begr\u00fc\u00dfen. Anl\u00e4sslich der Prod&amp;Pack pr\u00e4sentieren wir Ihnen auf unserem Messestand unser mobiles High-Speed-Kamerasystem f\u00fcr Produktions- und Verpackungslinien: TroublePad. TroublePad erm\u00f6glicht es Bilder mit hoher Geschwindigkeit (von 225 bis [&hellip;]\" \/>\n<meta property=\"og:url\" content=\"https:\/\/www.claravision.com\/de\/prodpack-2023-lyon-fr-21-22-november-2023\/\" \/>\n<meta property=\"og:site_name\" content=\"Claravision\" \/>\n<meta property=\"article:published_time\" content=\"2023-10-23T12:00:20+00:00\" \/>\n<meta property=\"article:modified_time\" content=\"2023-10-24T06:36:43+00:00\" \/>\n<meta property=\"og:image\" content=\"https:\/\/www.claravision.com\/w2020\/wp-content\/uploads\/2023\/10\/TroublePad_high_speed_camera_exhibition_4-scaled.jpg\" \/>\n\t<meta property=\"og:image:width\" content=\"2048\" \/>\n\t<meta property=\"og:image:height\" content=\"1536\" \/>\n\t<meta property=\"og:image:type\" content=\"image\/jpeg\" \/>\n<meta name=\"author\" content=\"admin\" \/>\n<meta name=\"twitter:card\" content=\"summary_large_image\" \/>\n<meta name=\"twitter:label1\" content=\"Written by\" \/>\n\t<meta name=\"twitter:data1\" content=\"admin\" \/>\n\t<meta name=\"twitter:label2\" content=\"Est. reading time\" \/>\n\t<meta name=\"twitter:data2\" content=\"1 minute\" \/>\n<script type=\"application\/ld+json\" class=\"yoast-schema-graph\">{\"@context\":\"https:\\\/\\\/schema.org\",\"@graph\":[{\"@type\":\"Article\",\"@id\":\"https:\\\/\\\/www.claravision.com\\\/de\\\/prodpack-2023-lyon-fr-21-22-november-2023\\\/#article\",\"isPartOf\":{\"@id\":\"https:\\\/\\\/www.claravision.com\\\/de\\\/prodpack-2023-lyon-fr-21-22-november-2023\\\/\"},\"author\":{\"name\":\"admin\",\"@id\":\"https:\\\/\\\/www.claravision.com\\\/de\\\/#\\\/schema\\\/person\\\/d4370404fb3844533fa8fa40affbbd92\"},\"headline\":\"Prod&amp;Pack 2023, Lyon (FR): 21. + 22. November 2023\",\"datePublished\":\"2023-10-23T12:00:20+00:00\",\"dateModified\":\"2023-10-24T06:36:43+00:00\",\"mainEntityOfPage\":{\"@id\":\"https:\\\/\\\/www.claravision.com\\\/de\\\/prodpack-2023-lyon-fr-21-22-november-2023\\\/\"},\"wordCount\":116,\"publisher\":{\"@id\":\"https:\\\/\\\/www.claravision.com\\\/de\\\/#organization\"},\"image\":{\"@id\":\"https:\\\/\\\/www.claravision.com\\\/de\\\/prodpack-2023-lyon-fr-21-22-november-2023\\\/#primaryimage\"},\"thumbnailUrl\":\"https:\\\/\\\/www.claravision.com\\\/w2020\\\/wp-content\\\/uploads\\\/2023\\\/10\\\/TroublePad_high_speed_camera_exhibition_4-scaled.jpg\",\"articleSection\":[\"Messen\"],\"inLanguage\":\"de-DE\"},{\"@type\":\"WebPage\",\"@id\":\"https:\\\/\\\/www.claravision.com\\\/de\\\/prodpack-2023-lyon-fr-21-22-november-2023\\\/\",\"url\":\"https:\\\/\\\/www.claravision.com\\\/de\\\/prodpack-2023-lyon-fr-21-22-november-2023\\\/\",\"name\":\"Prod&amp;Pack 2023, Lyon (FR): 21. + 22. November 2023 - Claravision\",\"isPartOf\":{\"@id\":\"https:\\\/\\\/www.claravision.com\\\/de\\\/#website\"},\"primaryImageOfPage\":{\"@id\":\"https:\\\/\\\/www.claravision.com\\\/de\\\/prodpack-2023-lyon-fr-21-22-november-2023\\\/#primaryimage\"},\"image\":{\"@id\":\"https:\\\/\\\/www.claravision.com\\\/de\\\/prodpack-2023-lyon-fr-21-22-november-2023\\\/#primaryimage\"},\"thumbnailUrl\":\"https:\\\/\\\/www.claravision.com\\\/w2020\\\/wp-content\\\/uploads\\\/2023\\\/10\\\/TroublePad_high_speed_camera_exhibition_4-scaled.jpg\",\"datePublished\":\"2023-10-23T12:00:20+00:00\",\"dateModified\":\"2023-10-24T06:36:43+00:00\",\"breadcrumb\":{\"@id\":\"https:\\\/\\\/www.claravision.com\\\/de\\\/prodpack-2023-lyon-fr-21-22-november-2023\\\/#breadcrumb\"},\"inLanguage\":\"de-DE\",\"potentialAction\":[{\"@type\":\"ReadAction\",\"target\":[\"https:\\\/\\\/www.claravision.com\\\/de\\\/prodpack-2023-lyon-fr-21-22-november-2023\\\/\"]}]},{\"@type\":\"ImageObject\",\"inLanguage\":\"de-DE\",\"@id\":\"https:\\\/\\\/www.claravision.com\\\/de\\\/prodpack-2023-lyon-fr-21-22-november-2023\\\/#primaryimage\",\"url\":\"https:\\\/\\\/www.claravision.com\\\/w2020\\\/wp-content\\\/uploads\\\/2023\\\/10\\\/TroublePad_high_speed_camera_exhibition_4-scaled.jpg\",\"contentUrl\":\"https:\\\/\\\/www.claravision.com\\\/w2020\\\/wp-content\\\/uploads\\\/2023\\\/10\\\/TroublePad_high_speed_camera_exhibition_4-scaled.jpg\",\"width\":2048,\"height\":1536,\"caption\":\"Hochgeschwindigkeitskamera TroublePad: Messestand.\"},{\"@type\":\"BreadcrumbList\",\"@id\":\"https:\\\/\\\/www.claravision.com\\\/de\\\/prodpack-2023-lyon-fr-21-22-november-2023\\\/#breadcrumb\",\"itemListElement\":[{\"@type\":\"ListItem\",\"position\":1,\"name\":\"Startseite\",\"item\":\"https:\\\/\\\/www.claravision.com\\\/de\\\/\"},{\"@type\":\"ListItem\",\"position\":2,\"name\":\"Messen\",\"item\":\"https:\\\/\\\/www.claravision.com\\\/de\\\/category\\\/messen\\\/\"},{\"@type\":\"ListItem\",\"position\":3,\"name\":\"Prod&amp;Pack 2023, Lyon (FR): 21. + 22. November 2023\"}]},{\"@type\":\"WebSite\",\"@id\":\"https:\\\/\\\/www.claravision.com\\\/de\\\/#website\",\"url\":\"https:\\\/\\\/www.claravision.com\\\/de\\\/\",\"name\":\"Claravision\",\"description\":\"Logiciels et solutions d&#039;analyse d&#039;images\",\"publisher\":{\"@id\":\"https:\\\/\\\/www.claravision.com\\\/de\\\/#organization\"},\"potentialAction\":[{\"@type\":\"SearchAction\",\"target\":{\"@type\":\"EntryPoint\",\"urlTemplate\":\"https:\\\/\\\/www.claravision.com\\\/de\\\/?s={search_term_string}\"},\"query-input\":{\"@type\":\"PropertyValueSpecification\",\"valueRequired\":true,\"valueName\":\"search_term_string\"}}],\"inLanguage\":\"de-DE\"},{\"@type\":\"Organization\",\"@id\":\"https:\\\/\\\/www.claravision.com\\\/de\\\/#organization\",\"name\":\"Claravision\",\"url\":\"https:\\\/\\\/www.claravision.com\\\/de\\\/\",\"logo\":{\"@type\":\"ImageObject\",\"inLanguage\":\"de-DE\",\"@id\":\"https:\\\/\\\/www.claravision.com\\\/de\\\/#\\\/schema\\\/logo\\\/image\\\/\",\"url\":\"https:\\\/\\\/www.claravision.com\\\/w2020\\\/wp-content\\\/uploads\\\/2021\\\/12\\\/logo-claravision.png\",\"contentUrl\":\"https:\\\/\\\/www.claravision.com\\\/w2020\\\/wp-content\\\/uploads\\\/2021\\\/12\\\/logo-claravision.png\",\"width\":124,\"height\":124,\"caption\":\"Claravision\"},\"image\":{\"@id\":\"https:\\\/\\\/www.claravision.com\\\/de\\\/#\\\/schema\\\/logo\\\/image\\\/\"},\"sameAs\":[\"https:\\\/\\\/www.linkedin.com\\\/company\\\/claravision\\\/\",\"https:\\\/\\\/www.youtube.com\\\/channel\\\/UCgfTotdIXpHE6jHh29gYUnw\"],\"description\":\"Clara Vision est une soci\u00e9t\u00e9 fran\u00e7aise fond\u00e9e en 1994 sp\u00e9cialis\u00e9e dans l\u2019imagerie scientifique et industrielle. Depuis 30 ans, Clara Vision con\u00e7oit et d\u00e9veloppe des logiciels d\u2019acquisition et d\u2019analyse d\u2019images d\u00e9di\u00e9s principalement au contr\u00f4le qualit\u00e9 et \u00e0 la recherche.\",\"email\":\"info@claravision.com\",\"telephone\":\"0169860130\",\"legalName\":\"CLARA VISION SAS\",\"foundingDate\":\"1994-12-29\",\"vatID\":\"FR29399379593\",\"taxID\":\"39937959300060\",\"iso6523Code\":\"399379593\",\"numberOfEmployees\":{\"@type\":\"QuantitativeValue\",\"minValue\":\"1\",\"maxValue\":\"10\"},\"address\":{\"@type\":\"PostalAddress\",\"streetAddress\":\"2 ROUTE DE GISY PARC BUROSPACE\",\"addressLocality\":\"BIEVRES\",\"postalCode\":\"91570\",\"addressCountry\":\"FR\"}},{\"@type\":\"Person\",\"@id\":\"https:\\\/\\\/www.claravision.com\\\/de\\\/#\\\/schema\\\/person\\\/d4370404fb3844533fa8fa40affbbd92\",\"name\":\"admin\",\"image\":{\"@type\":\"ImageObject\",\"inLanguage\":\"de-DE\",\"@id\":\"https:\\\/\\\/secure.gravatar.com\\\/avatar\\\/192cca4720acd974f00a40365d028e1e7cd2dee60b31c4b997205d59e5f22843?s=96&d=mm&r=g\",\"url\":\"https:\\\/\\\/secure.gravatar.com\\\/avatar\\\/192cca4720acd974f00a40365d028e1e7cd2dee60b31c4b997205d59e5f22843?s=96&d=mm&r=g\",\"contentUrl\":\"https:\\\/\\\/secure.gravatar.com\\\/avatar\\\/192cca4720acd974f00a40365d028e1e7cd2dee60b31c4b997205d59e5f22843?s=96&d=mm&r=g\",\"caption\":\"admin\"}}]}<\/script>\n<!-- \/ Yoast SEO Premium plugin. -->","yoast_head_json":{"title":"Prod&amp;Pack 2023, Lyon (FR): 21. + 22. November 2023 - Claravision","robots":{"index":"index","follow":"follow","max-snippet":"max-snippet:-1","max-image-preview":"max-image-preview:large","max-video-preview":"max-video-preview:-1"},"canonical":"https:\/\/www.claravision.com\/de\/prodpack-2023-lyon-fr-21-22-november-2023\/","og_locale":"de_DE","og_type":"article","og_title":"Prod&amp;Pack 2023, Lyon (FR): 21. + 22. November 2023","og_description":"Clara Vision wird auf der Messe Prod&amp;Pack 2023, die vom 21. bis 23. November 2023 in Lyon stattfindet, vertreten sein. Wir werden Sie an unserem Stand D107 begr\u00fc\u00dfen. Anl\u00e4sslich der Prod&amp;Pack pr\u00e4sentieren wir Ihnen auf unserem Messestand unser mobiles High-Speed-Kamerasystem f\u00fcr Produktions- und Verpackungslinien: TroublePad. TroublePad erm\u00f6glicht es Bilder mit hoher Geschwindigkeit (von 225 bis [&hellip;]","og_url":"https:\/\/www.claravision.com\/de\/prodpack-2023-lyon-fr-21-22-november-2023\/","og_site_name":"Claravision","article_published_time":"2023-10-23T12:00:20+00:00","article_modified_time":"2023-10-24T06:36:43+00:00","og_image":[{"width":2048,"height":1536,"url":"https:\/\/www.claravision.com\/w2020\/wp-content\/uploads\/2023\/10\/TroublePad_high_speed_camera_exhibition_4-scaled.jpg","type":"image\/jpeg"}],"author":"admin","twitter_card":"summary_large_image","twitter_misc":{"Written by":"admin","Est. reading time":"1 minute"},"schema":{"@context":"https:\/\/schema.org","@graph":[{"@type":"Article","@id":"https:\/\/www.claravision.com\/de\/prodpack-2023-lyon-fr-21-22-november-2023\/#article","isPartOf":{"@id":"https:\/\/www.claravision.com\/de\/prodpack-2023-lyon-fr-21-22-november-2023\/"},"author":{"name":"admin","@id":"https:\/\/www.claravision.com\/de\/#\/schema\/person\/d4370404fb3844533fa8fa40affbbd92"},"headline":"Prod&amp;Pack 2023, Lyon (FR): 21. + 22. November 2023","datePublished":"2023-10-23T12:00:20+00:00","dateModified":"2023-10-24T06:36:43+00:00","mainEntityOfPage":{"@id":"https:\/\/www.claravision.com\/de\/prodpack-2023-lyon-fr-21-22-november-2023\/"},"wordCount":116,"publisher":{"@id":"https:\/\/www.claravision.com\/de\/#organization"},"image":{"@id":"https:\/\/www.claravision.com\/de\/prodpack-2023-lyon-fr-21-22-november-2023\/#primaryimage"},"thumbnailUrl":"https:\/\/www.claravision.com\/w2020\/wp-content\/uploads\/2023\/10\/TroublePad_high_speed_camera_exhibition_4-scaled.jpg","articleSection":["Messen"],"inLanguage":"de-DE"},{"@type":"WebPage","@id":"https:\/\/www.claravision.com\/de\/prodpack-2023-lyon-fr-21-22-november-2023\/","url":"https:\/\/www.claravision.com\/de\/prodpack-2023-lyon-fr-21-22-november-2023\/","name":"Prod&amp;Pack 2023, Lyon (FR): 21. + 22. November 2023 - Claravision","isPartOf":{"@id":"https:\/\/www.claravision.com\/de\/#website"},"primaryImageOfPage":{"@id":"https:\/\/www.claravision.com\/de\/prodpack-2023-lyon-fr-21-22-november-2023\/#primaryimage"},"image":{"@id":"https:\/\/www.claravision.com\/de\/prodpack-2023-lyon-fr-21-22-november-2023\/#primaryimage"},"thumbnailUrl":"https:\/\/www.claravision.com\/w2020\/wp-content\/uploads\/2023\/10\/TroublePad_high_speed_camera_exhibition_4-scaled.jpg","datePublished":"2023-10-23T12:00:20+00:00","dateModified":"2023-10-24T06:36:43+00:00","breadcrumb":{"@id":"https:\/\/www.claravision.com\/de\/prodpack-2023-lyon-fr-21-22-november-2023\/#breadcrumb"},"inLanguage":"de-DE","potentialAction":[{"@type":"ReadAction","target":["https:\/\/www.claravision.com\/de\/prodpack-2023-lyon-fr-21-22-november-2023\/"]}]},{"@type":"ImageObject","inLanguage":"de-DE","@id":"https:\/\/www.claravision.com\/de\/prodpack-2023-lyon-fr-21-22-november-2023\/#primaryimage","url":"https:\/\/www.claravision.com\/w2020\/wp-content\/uploads\/2023\/10\/TroublePad_high_speed_camera_exhibition_4-scaled.jpg","contentUrl":"https:\/\/www.claravision.com\/w2020\/wp-content\/uploads\/2023\/10\/TroublePad_high_speed_camera_exhibition_4-scaled.jpg","width":2048,"height":1536,"caption":"Hochgeschwindigkeitskamera TroublePad: Messestand."},{"@type":"BreadcrumbList","@id":"https:\/\/www.claravision.com\/de\/prodpack-2023-lyon-fr-21-22-november-2023\/#breadcrumb","itemListElement":[{"@type":"ListItem","position":1,"name":"Startseite","item":"https:\/\/www.claravision.com\/de\/"},{"@type":"ListItem","position":2,"name":"Messen","item":"https:\/\/www.claravision.com\/de\/category\/messen\/"},{"@type":"ListItem","position":3,"name":"Prod&amp;Pack 2023, Lyon (FR): 21. + 22. November 2023"}]},{"@type":"WebSite","@id":"https:\/\/www.claravision.com\/de\/#website","url":"https:\/\/www.claravision.com\/de\/","name":"Claravision","description":"Logiciels et solutions d&#039;analyse d&#039;images","publisher":{"@id":"https:\/\/www.claravision.com\/de\/#organization"},"potentialAction":[{"@type":"SearchAction","target":{"@type":"EntryPoint","urlTemplate":"https:\/\/www.claravision.com\/de\/?s={search_term_string}"},"query-input":{"@type":"PropertyValueSpecification","valueRequired":true,"valueName":"search_term_string"}}],"inLanguage":"de-DE"},{"@type":"Organization","@id":"https:\/\/www.claravision.com\/de\/#organization","name":"Claravision","url":"https:\/\/www.claravision.com\/de\/","logo":{"@type":"ImageObject","inLanguage":"de-DE","@id":"https:\/\/www.claravision.com\/de\/#\/schema\/logo\/image\/","url":"https:\/\/www.claravision.com\/w2020\/wp-content\/uploads\/2021\/12\/logo-claravision.png","contentUrl":"https:\/\/www.claravision.com\/w2020\/wp-content\/uploads\/2021\/12\/logo-claravision.png","width":124,"height":124,"caption":"Claravision"},"image":{"@id":"https:\/\/www.claravision.com\/de\/#\/schema\/logo\/image\/"},"sameAs":["https:\/\/www.linkedin.com\/company\/claravision\/","https:\/\/www.youtube.com\/channel\/UCgfTotdIXpHE6jHh29gYUnw"],"description":"Clara Vision est une soci\u00e9t\u00e9 fran\u00e7aise fond\u00e9e en 1994 sp\u00e9cialis\u00e9e dans l\u2019imagerie scientifique et industrielle. Depuis 30 ans, Clara Vision con\u00e7oit et d\u00e9veloppe des logiciels d\u2019acquisition et d\u2019analyse d\u2019images d\u00e9di\u00e9s principalement au contr\u00f4le qualit\u00e9 et \u00e0 la recherche.","email":"info@claravision.com","telephone":"0169860130","legalName":"CLARA VISION SAS","foundingDate":"1994-12-29","vatID":"FR29399379593","taxID":"39937959300060","iso6523Code":"399379593","numberOfEmployees":{"@type":"QuantitativeValue","minValue":"1","maxValue":"10"},"address":{"@type":"PostalAddress","streetAddress":"2 ROUTE DE GISY PARC BUROSPACE","addressLocality":"BIEVRES","postalCode":"91570","addressCountry":"FR"}},{"@type":"Person","@id":"https:\/\/www.claravision.com\/de\/#\/schema\/person\/d4370404fb3844533fa8fa40affbbd92","name":"admin","image":{"@type":"ImageObject","inLanguage":"de-DE","@id":"https:\/\/secure.gravatar.com\/avatar\/192cca4720acd974f00a40365d028e1e7cd2dee60b31c4b997205d59e5f22843?s=96&d=mm&r=g","url":"https:\/\/secure.gravatar.com\/avatar\/192cca4720acd974f00a40365d028e1e7cd2dee60b31c4b997205d59e5f22843?s=96&d=mm&r=g","contentUrl":"https:\/\/secure.gravatar.com\/avatar\/192cca4720acd974f00a40365d028e1e7cd2dee60b31c4b997205d59e5f22843?s=96&d=mm&r=g","caption":"admin"}}]}},"_links":{"self":[{"href":"https:\/\/www.claravision.com\/de\/wp-json\/wp\/v2\/posts\/6452","targetHints":{"allow":["GET"]}}],"collection":[{"href":"https:\/\/www.claravision.com\/de\/wp-json\/wp\/v2\/posts"}],"about":[{"href":"https:\/\/www.claravision.com\/de\/wp-json\/wp\/v2\/types\/post"}],"author":[{"embeddable":true,"href":"https:\/\/www.claravision.com\/de\/wp-json\/wp\/v2\/users\/1"}],"replies":[{"embeddable":true,"href":"https:\/\/www.claravision.com\/de\/wp-json\/wp\/v2\/comments?post=6452"}],"version-history":[{"count":2,"href":"https:\/\/www.claravision.com\/de\/wp-json\/wp\/v2\/posts\/6452\/revisions"}],"predecessor-version":[{"id":6570,"href":"https:\/\/www.claravision.com\/de\/wp-json\/wp\/v2\/posts\/6452\/revisions\/6570"}],"wp:featuredmedia":[{"embeddable":true,"href":"https:\/\/www.claravision.com\/de\/wp-json\/wp\/v2\/media\/6511"}],"wp:attachment":[{"href":"https:\/\/www.claravision.com\/de\/wp-json\/wp\/v2\/media?parent=6452"}],"wp:term":[{"taxonomy":"category","embeddable":true,"href":"https:\/\/www.claravision.com\/de\/wp-json\/wp\/v2\/categories?post=6452"},{"taxonomy":"post_tag","embeddable":true,"href":"https:\/\/www.claravision.com\/de\/wp-json\/wp\/v2\/tags?post=6452"}],"curies":[{"name":"wp","href":"https:\/\/api.w.org\/{rel}","templated":true}]}}